{"id":207,"date":"2020-02-05T23:48:01","date_gmt":"2020-02-05T22:48:01","guid":{"rendered":"http:\/\/bujinkan-puchheim.de\/?p=207"},"modified":"2020-02-05T23:55:41","modified_gmt":"2020-02-05T22:55:41","slug":"grundlagenseminar-in-nuernberg","status":"publish","type":"post","link":"https:\/\/bujinkan-puchheim.de\/?p=207","title":{"rendered":"Grundlagenseminar in N\u00fcrnberg"},"content":{"rendered":"\n<ul class=\"wp-block-gallery columns-1 is-cropped wp-block-gallery-1 is-layout-flex wp-block-gallery-is-layout-flex\"><li class=\"blocks-gallery-item\"><figure><img loading=\"lazy\" decoding=\"async\" width=\"1024\" height=\"405\" src=\"https:\/\/bujinkan-puchheim.de\/wp-content\/uploads\/2020\/02\/gruppenbild_grundlagenseminar-1024x405.jpg\" alt=\"\" data-id=\"209\" data-link=\"https:\/\/bujinkan-puchheim.de\/?attachment_id=209\" class=\"wp-image-209\" srcset=\"https:\/\/bujinkan-puchheim.de\/wp-content\/uploads\/2020\/02\/gruppenbild_grundlagenseminar-1024x405.jpg 1024w, https:\/\/bujinkan-puchheim.de\/wp-content\/uploads\/2020\/02\/gruppenbild_grundlagenseminar-300x119.jpg 300w, https:\/\/bujinkan-puchheim.de\/wp-content\/uploads\/2020\/02\/gruppenbild_grundlagenseminar-768x304.jpg 768w, https:\/\/bujinkan-puchheim.de\/wp-content\/uploads\/2020\/02\/gruppenbild_grundlagenseminar-500x198.jpg 500w, https:\/\/bujinkan-puchheim.de\/wp-content\/uploads\/2020\/02\/gruppenbild_grundlagenseminar.jpg 1712w\" sizes=\"auto, (max-width: 1024px) 100vw, 1024px\" \/><\/figure><\/li><\/ul>\n\n\n\n<p>Das\u00a0<a rel=\"noreferrer noopener\" aria-label=\" (\u00f6ffnet in neuem Tab)\" href=\"https:\/\/nuernberg.wakagi.de\/\" target=\"_blank\">Wakagi D\u014dj\u014d N\u00fcrnberg<\/a>\u00a0hatte am 25.01.2020 zu einem Kihon-Seminar eingeladen und somit traten Abordnungen aus Puchheim und M\u00fcnchen der Gewissheit eines gar furchtbaren Muskelkaters entgegen und nahmen die Gelegenheit wahr, die eigenen Grundlagen zusammen mit unseren Freunden der Wakagi D\u014dj\u014d gemeinsam durchzugehen.<\/p>\n\n\n\n<p>Als Fundament des Seminars legten wir zun\u00e4chst den Fokus auf die korrekte Kamae und die M\u00f6glichkeiten, die sich aus dieser ergeben, bevor wir uns durch die Gogyo No Kata, die Koshi Kihon Sanpo no Kata und die Torite Kihon Goho no Kata arbeiteten.<br>Aufgrund der fokussierten und ambitionierten Teilnehmer konnten wir dieses straffe Tagesprogramm f\u00fcr alle Wissensstufen lehrreich angehen.<\/p>\n\n\n\n<p>Besonderer Dank geb\u00fchrt hier \u2013 nicht zuletzt auf Grund der wieder einmal hervorragend strukturierten und f\u00fcr jeden Teilnehmer \u201ebek\u00f6mmlich\u201c portionieren Inhalte \u2013 Dino Gheri und dem Wakagi D\u014dj\u014d Team.<\/p>\n\n\n\n<p>Wenn wir daf\u00fcr offen sind, unser eigenes Training aus einem anderen Blickwinkel zu betrachten, dann erkennen wir unterschiedliche Herangehensweisen und gewinnen dadurch einen Blick \u00fcber unseren eigenen Horizon hinaus. Nur so k\u00f6nnen wir von unseren Gemeinsamkeiten lernen und an neuen Ideen wachsen.<\/p>\n\n\n\n<figure class=\"wp-block-image\"><img loading=\"lazy\" decoding=\"async\" width=\"1024\" height=\"685\" src=\"https:\/\/bujinkan-puchheim.de\/wp-content\/uploads\/2020\/02\/dojo_grundlagenseminar-1024x685.jpg\" alt=\"\" class=\"wp-image-210\" srcset=\"https:\/\/bujinkan-puchheim.de\/wp-content\/uploads\/2020\/02\/dojo_grundlagenseminar-1024x685.jpg 1024w, https:\/\/bujinkan-puchheim.de\/wp-content\/uploads\/2020\/02\/dojo_grundlagenseminar-300x201.jpg 300w, https:\/\/bujinkan-puchheim.de\/wp-content\/uploads\/2020\/02\/dojo_grundlagenseminar-768x514.jpg 768w, https:\/\/bujinkan-puchheim.de\/wp-content\/uploads\/2020\/02\/dojo_grundlagenseminar-448x300.jpg 448w, https:\/\/bujinkan-puchheim.de\/wp-content\/uploads\/2020\/02\/dojo_grundlagenseminar.jpg 1936w\" sizes=\"auto, (max-width: 1024px) 100vw, 1024px\" \/><figcaption>Dino Gheri (mitte) mit den Teilnehmern des Bujinkan Dojo Puchheim<\/figcaption><\/figure>\n","protected":false},"excerpt":{"rendered":"<p>Das\u00a0Wakagi D\u014dj\u014d N\u00fcrnberg\u00a0hatte am 25.01.2020 zu einem Kihon-Seminar eingeladen und somit traten Abordnungen aus Puchheim und M\u00fcnchen der Gewissheit eines gar furchtbaren Muskelkaters entgegen und nahmen die Gelegenheit wahr, die eigenen Grundlagen zusammen mit unseren Freunden der Wakagi D\u014dj\u014d gemeinsam &hellip; <a href=\"https:\/\/bujinkan-puchheim.de\/?p=207\">Weiterlesen <span class=\"meta-nav\">&rarr;<\/span><\/a><\/p>\n","protected":false},"author":2,"featured_media":209,"comment_status":"closed","ping_status":"closed","sticky":false,"template":"","format":"standard","meta":{"footnotes":""},"categories":[6],"tags":[],"class_list":["post-207","post","type-post","status-publish","format-standard","has-post-thumbnail","hentry","category-blog"],"yoast_head":"<!-- This site is optimized with the Yoast SEO plugin v18.3 - https:\/\/yoast.com\/wordpress\/plugins\/seo\/ -->\n<title>Grundlagenseminar in N\u00fcrnberg - Bujinkan Dojo Puchheim<\/title>\n<meta name=\"robots\" content=\"index, follow, max-snippet:-1, max-image-preview:large, max-video-preview:-1\" \/>\n<link rel=\"canonical\" href=\"https:\/\/bujinkan-puchheim.de\/?p=207\" \/>\n<meta property=\"og:locale\" content=\"de_DE\" \/>\n<meta property=\"og:type\" content=\"article\" \/>\n<meta property=\"og:title\" content=\"Grundlagenseminar in N\u00fcrnberg - Bujinkan Dojo Puchheim\" \/>\n<meta property=\"og:description\" content=\"Das\u00a0Wakagi D\u014dj\u014d N\u00fcrnberg\u00a0hatte am 25.01.2020 zu einem Kihon-Seminar eingeladen und somit traten Abordnungen aus Puchheim und M\u00fcnchen der Gewissheit eines gar furchtbaren Muskelkaters entgegen und nahmen die Gelegenheit wahr, die eigenen Grundlagen zusammen mit unseren Freunden der Wakagi D\u014dj\u014d gemeinsam &hellip; Weiterlesen &rarr;\" \/>\n<meta property=\"og:url\" content=\"https:\/\/bujinkan-puchheim.de\/?p=207\" \/>\n<meta property=\"og:site_name\" content=\"Bujinkan Dojo Puchheim\" \/>\n<meta property=\"article:published_time\" content=\"2020-02-05T22:48:01+00:00\" \/>\n<meta property=\"article:modified_time\" content=\"2020-02-05T22:55:41+00:00\" \/>\n<meta property=\"og:image\" content=\"https:\/\/bujinkan-puchheim.de\/wp-content\/uploads\/2020\/02\/gruppenbild_grundlagenseminar.jpg\" \/>\n\t<meta property=\"og:image:width\" content=\"1712\" \/>\n\t<meta property=\"og:image:height\" content=\"677\" \/>\n\t<meta property=\"og:image:type\" content=\"image\/jpeg\" \/>\n<meta name=\"twitter:card\" content=\"summary_large_image\" \/>\n<meta name=\"twitter:label1\" content=\"Verfasst von\" \/>\n\t<meta name=\"twitter:data1\" content=\"Admin\" \/>\n\t<meta name=\"twitter:label2\" content=\"Gesch\u00e4tzte Lesezeit\" \/>\n\t<meta name=\"twitter:data2\" content=\"1\u00a0Minute\" \/>\n<script type=\"application\/ld+json\" class=\"yoast-schema-graph\">{\"@context\":\"https:\/\/schema.org\",\"@graph\":[{\"@type\":\"WebSite\",\"@id\":\"https:\/\/bujinkan-puchheim.de\/#website\",\"url\":\"https:\/\/bujinkan-puchheim.de\/\",\"name\":\"Bujinkan Dojo Puchheim\",\"description\":\"\",\"potentialAction\":[{\"@type\":\"SearchAction\",\"target\":{\"@type\":\"EntryPoint\",\"urlTemplate\":\"https:\/\/bujinkan-puchheim.de\/?s={search_term_string}\"},\"query-input\":\"required name=search_term_string\"}],\"inLanguage\":\"de\"},{\"@type\":\"ImageObject\",\"@id\":\"https:\/\/bujinkan-puchheim.de\/?p=207#primaryimage\",\"inLanguage\":\"de\",\"url\":\"https:\/\/bujinkan-puchheim.de\/wp-content\/uploads\/2020\/02\/gruppenbild_grundlagenseminar.jpg\",\"contentUrl\":\"https:\/\/bujinkan-puchheim.de\/wp-content\/uploads\/2020\/02\/gruppenbild_grundlagenseminar.jpg\",\"width\":1712,\"height\":677},{\"@type\":\"WebPage\",\"@id\":\"https:\/\/bujinkan-puchheim.de\/?p=207#webpage\",\"url\":\"https:\/\/bujinkan-puchheim.de\/?p=207\",\"name\":\"Grundlagenseminar in N\u00fcrnberg - Bujinkan Dojo Puchheim\",\"isPartOf\":{\"@id\":\"https:\/\/bujinkan-puchheim.de\/#website\"},\"primaryImageOfPage\":{\"@id\":\"https:\/\/bujinkan-puchheim.de\/?p=207#primaryimage\"},\"datePublished\":\"2020-02-05T22:48:01+00:00\",\"dateModified\":\"2020-02-05T22:55:41+00:00\",\"author\":{\"@id\":\"https:\/\/bujinkan-puchheim.de\/#\/schema\/person\/6aa8373b1e2978192531b7775c62344a\"},\"breadcrumb\":{\"@id\":\"https:\/\/bujinkan-puchheim.de\/?p=207#breadcrumb\"},\"inLanguage\":\"de\",\"potentialAction\":[{\"@type\":\"ReadAction\",\"target\":[\"https:\/\/bujinkan-puchheim.de\/?p=207\"]}]},{\"@type\":\"BreadcrumbList\",\"@id\":\"https:\/\/bujinkan-puchheim.de\/?p=207#breadcrumb\",\"itemListElement\":[{\"@type\":\"ListItem\",\"position\":1,\"name\":\"Startseite\",\"item\":\"https:\/\/bujinkan-puchheim.de\/\"},{\"@type\":\"ListItem\",\"position\":2,\"name\":\"Grundlagenseminar in N\u00fcrnberg\"}]},{\"@type\":\"Person\",\"@id\":\"https:\/\/bujinkan-puchheim.de\/#\/schema\/person\/6aa8373b1e2978192531b7775c62344a\",\"name\":\"Admin\",\"image\":{\"@type\":\"ImageObject\",\"@id\":\"https:\/\/bujinkan-puchheim.de\/#personlogo\",\"inLanguage\":\"de\",\"url\":\"https:\/\/secure.gravatar.com\/avatar\/2d3b035fdc7b8cf44e53d9215e78330b6eedec89f437737d1e0bd157ef3cb0e7?s=96&d=mm&r=g\",\"contentUrl\":\"https:\/\/secure.gravatar.com\/avatar\/2d3b035fdc7b8cf44e53d9215e78330b6eedec89f437737d1e0bd157ef3cb0e7?s=96&d=mm&r=g\",\"caption\":\"Admin\"},\"url\":\"https:\/\/bujinkan-puchheim.de\/?author=2\"}]}<\/script>\n<!-- \/ Yoast SEO plugin. -->","yoast_head_json":{"title":"Grundlagenseminar in N\u00fcrnberg - Bujinkan Dojo Puchheim","robots":{"index":"index","follow":"follow","max-snippet":"max-snippet:-1","max-image-preview":"max-image-preview:large","max-video-preview":"max-video-preview:-1"},"canonical":"https:\/\/bujinkan-puchheim.de\/?p=207","og_locale":"de_DE","og_type":"article","og_title":"Grundlagenseminar in N\u00fcrnberg - Bujinkan Dojo Puchheim","og_description":"Das\u00a0Wakagi D\u014dj\u014d N\u00fcrnberg\u00a0hatte am 25.01.2020 zu einem Kihon-Seminar eingeladen und somit traten Abordnungen aus Puchheim und M\u00fcnchen der Gewissheit eines gar furchtbaren Muskelkaters entgegen und nahmen die Gelegenheit wahr, die eigenen Grundlagen zusammen mit unseren Freunden der Wakagi D\u014dj\u014d gemeinsam &hellip; Weiterlesen &rarr;","og_url":"https:\/\/bujinkan-puchheim.de\/?p=207","og_site_name":"Bujinkan Dojo Puchheim","article_published_time":"2020-02-05T22:48:01+00:00","article_modified_time":"2020-02-05T22:55:41+00:00","og_image":[{"width":1712,"height":677,"url":"https:\/\/bujinkan-puchheim.de\/wp-content\/uploads\/2020\/02\/gruppenbild_grundlagenseminar.jpg","type":"image\/jpeg"}],"twitter_card":"summary_large_image","twitter_misc":{"Verfasst von":"Admin","Gesch\u00e4tzte Lesezeit":"1\u00a0Minute"},"schema":{"@context":"https:\/\/schema.org","@graph":[{"@type":"WebSite","@id":"https:\/\/bujinkan-puchheim.de\/#website","url":"https:\/\/bujinkan-puchheim.de\/","name":"Bujinkan Dojo Puchheim","description":"","potentialAction":[{"@type":"SearchAction","target":{"@type":"EntryPoint","urlTemplate":"https:\/\/bujinkan-puchheim.de\/?s={search_term_string}"},"query-input":"required name=search_term_string"}],"inLanguage":"de"},{"@type":"ImageObject","@id":"https:\/\/bujinkan-puchheim.de\/?p=207#primaryimage","inLanguage":"de","url":"https:\/\/bujinkan-puchheim.de\/wp-content\/uploads\/2020\/02\/gruppenbild_grundlagenseminar.jpg","contentUrl":"https:\/\/bujinkan-puchheim.de\/wp-content\/uploads\/2020\/02\/gruppenbild_grundlagenseminar.jpg","width":1712,"height":677},{"@type":"WebPage","@id":"https:\/\/bujinkan-puchheim.de\/?p=207#webpage","url":"https:\/\/bujinkan-puchheim.de\/?p=207","name":"Grundlagenseminar in N\u00fcrnberg - Bujinkan Dojo Puchheim","isPartOf":{"@id":"https:\/\/bujinkan-puchheim.de\/#website"},"primaryImageOfPage":{"@id":"https:\/\/bujinkan-puchheim.de\/?p=207#primaryimage"},"datePublished":"2020-02-05T22:48:01+00:00","dateModified":"2020-02-05T22:55:41+00:00","author":{"@id":"https:\/\/bujinkan-puchheim.de\/#\/schema\/person\/6aa8373b1e2978192531b7775c62344a"},"breadcrumb":{"@id":"https:\/\/bujinkan-puchheim.de\/?p=207#breadcrumb"},"inLanguage":"de","potentialAction":[{"@type":"ReadAction","target":["https:\/\/bujinkan-puchheim.de\/?p=207"]}]},{"@type":"BreadcrumbList","@id":"https:\/\/bujinkan-puchheim.de\/?p=207#breadcrumb","itemListElement":[{"@type":"ListItem","position":1,"name":"Startseite","item":"https:\/\/bujinkan-puchheim.de\/"},{"@type":"ListItem","position":2,"name":"Grundlagenseminar in N\u00fcrnberg"}]},{"@type":"Person","@id":"https:\/\/bujinkan-puchheim.de\/#\/schema\/person\/6aa8373b1e2978192531b7775c62344a","name":"Admin","image":{"@type":"ImageObject","@id":"https:\/\/bujinkan-puchheim.de\/#personlogo","inLanguage":"de","url":"https:\/\/secure.gravatar.com\/avatar\/2d3b035fdc7b8cf44e53d9215e78330b6eedec89f437737d1e0bd157ef3cb0e7?s=96&d=mm&r=g","contentUrl":"https:\/\/secure.gravatar.com\/avatar\/2d3b035fdc7b8cf44e53d9215e78330b6eedec89f437737d1e0bd157ef3cb0e7?s=96&d=mm&r=g","caption":"Admin"},"url":"https:\/\/bujinkan-puchheim.de\/?author=2"}]}},"_links":{"self":[{"href":"https:\/\/bujinkan-puchheim.de\/index.php?rest_route=\/wp\/v2\/posts\/207","targetHints":{"allow":["GET"]}}],"collection":[{"href":"https:\/\/bujinkan-puchheim.de\/index.php?rest_route=\/wp\/v2\/posts"}],"about":[{"href":"https:\/\/bujinkan-puchheim.de\/index.php?rest_route=\/wp\/v2\/types\/post"}],"author":[{"embeddable":true,"href":"https:\/\/bujinkan-puchheim.de\/index.php?rest_route=\/wp\/v2\/users\/2"}],"replies":[{"embeddable":true,"href":"https:\/\/bujinkan-puchheim.de\/index.php?rest_route=%2Fwp%2Fv2%2Fcomments&post=207"}],"version-history":[{"count":3,"href":"https:\/\/bujinkan-puchheim.de\/index.php?rest_route=\/wp\/v2\/posts\/207\/revisions"}],"predecessor-version":[{"id":213,"href":"https:\/\/bujinkan-puchheim.de\/index.php?rest_route=\/wp\/v2\/posts\/207\/revisions\/213"}],"wp:featuredmedia":[{"embeddable":true,"href":"https:\/\/bujinkan-puchheim.de\/index.php?rest_route=\/wp\/v2\/media\/209"}],"wp:attachment":[{"href":"https:\/\/bujinkan-puchheim.de\/index.php?rest_route=%2Fwp%2Fv2%2Fmedia&parent=207"}],"wp:term":[{"taxonomy":"category","embeddable":true,"href":"https:\/\/bujinkan-puchheim.de\/index.php?rest_route=%2Fwp%2Fv2%2Fcategories&post=207"},{"taxonomy":"post_tag","embeddable":true,"href":"https:\/\/bujinkan-puchheim.de\/index.php?rest_route=%2Fwp%2Fv2%2Ftags&post=207"}],"curies":[{"name":"wp","href":"https:\/\/api.w.org\/{rel}","templated":true}]}}